{"id":14093,"date":"2016-01-19T04:09:52","date_gmt":"2016-01-19T03:09:52","guid":{"rendered":"https:\/\/wordpress.elomedien.de\/klaus-kloeker\/"},"modified":"2023-07-06T12:16:16","modified_gmt":"2023-07-06T10:16:16","slug":"klaus-kloeker","status":"publish","type":"post","link":"https:\/\/amwall.eu\/en\/klaus-kloeker\/","title":{"rendered":"Klaus Kl\u00f6ker"},"content":{"rendered":"<div class=\"fusion-fullwidth fullwidth-box fusion-builder-row-1 fusion-flex-container nonhundred-percent-fullwidth non-hundred-percent-height-scrolling\" style=\"--awb-border-radius-top-left:0px;--awb-border-radius-top-right:0px;--awb-border-radius-bottom-right:0px;--awb-border-radius-bottom-left:0px;--awb-flex-wrap:wrap;\" ><div class=\"fusion-builder-row fusion-row fusion-flex-align-items-flex-start fusion-flex-justify-content-center fusion-flex-content-wrap\" style=\"max-width:1216.8px;margin-left: calc(-4% \/ 2 );margin-right: calc(-4% \/ 2 );\"><div class=\"fusion-layout-column fusion_builder_column fusion-builder-column-0 fusion_builder_column_1_1 1_1 fusion-flex-column\" style=\"--awb-bg-size:cover;--awb-width-large:100%;--awb-margin-top-large:0px;--awb-spacing-right-large:1.92%;--awb-margin-bottom-large:20px;--awb-spacing-left-large:1.92%;--awb-width-medium:100%;--awb-order-medium:0;--awb-spacing-right-medium:1.92%;--awb-spacing-left-medium:1.92%;--awb-width-small:100%;--awb-order-small:0;--awb-spacing-right-small:1.92%;--awb-spacing-left-small:1.92%;\"><div class=\"fusion-column-wrapper fusion-column-has-shadow fusion-flex-justify-content-flex-start fusion-content-layout-column\"><div class=\"fusion-text fusion-text-1 beitrag\"><h1>Klaus Kl\u00f6ker<\/h1>\n<\/div><\/div><\/div><div class=\"fusion-layout-column fusion_builder_column fusion-builder-column-1 fusion_builder_column_1_2 1_2 fusion-flex-column\" style=\"--awb-bg-size:cover;--awb-width-large:50%;--awb-margin-top-large:0px;--awb-spacing-right-large:3.84%;--awb-margin-bottom-large:20px;--awb-spacing-left-large:3.84%;--awb-width-medium:100%;--awb-order-medium:0;--awb-spacing-right-medium:1.92%;--awb-spacing-left-medium:1.92%;--awb-width-small:100%;--awb-order-small:0;--awb-spacing-right-small:1.92%;--awb-spacing-left-small:1.92%;\"><div class=\"fusion-column-wrapper fusion-column-has-shadow fusion-flex-justify-content-flex-start fusion-content-layout-column\"><div class=\"fusion-image-element \" style=\"--awb-caption-title-font-family:var(--h2_typography-font-family);--awb-caption-title-font-weight:var(--h2_typography-font-weight);--awb-caption-title-font-style:var(--h2_typography-font-style);--awb-caption-title-size:var(--h2_typography-font-size);--awb-caption-title-transform:var(--h2_typography-text-transform);--awb-caption-title-line-height:var(--h2_typography-line-height);--awb-caption-title-letter-spacing:var(--h2_typography-letter-spacing);\"><span class=\" fusion-imageframe imageframe-none imageframe-1 hover-type-none\"><img decoding=\"async\" width=\"809\" height=\"1280\" title=\"Klaus Kl\u00f6ker ist Rechtsanwalt f\u00fcr Sanierungs- und Insolvenzrecht in Bremen\" src=\"https:\/\/amwall.eu\/wp-content\/uploads\/2023\/07\/Klaus-Kloeker-Rechtsanwalt-Bremen.jpg\" data-orig-src=\"https:\/\/amwall.eu\/wp-content\/uploads\/2023\/07\/Klaus-Kloeker-Rechtsanwalt-Bremen.jpg\" alt class=\"lazyload img-responsive wp-image-14032\" srcset=\"data:image\/svg+xml,%3Csvg%20xmlns%3D%27http%3A%2F%2Fwww.w3.org%2F2000%2Fsvg%27%20width%3D%27809%27%20height%3D%271280%27%20viewBox%3D%270%200%20809%201280%27%3E%3Crect%20width%3D%27809%27%20height%3D%271280%27%20fill-opacity%3D%220%22%2F%3E%3C%2Fsvg%3E\" data-srcset=\"https:\/\/amwall.eu\/wp-content\/uploads\/2023\/07\/Klaus-Kloeker-Rechtsanwalt-Bremen-200x316.jpg 200w, https:\/\/amwall.eu\/wp-content\/uploads\/2023\/07\/Klaus-Kloeker-Rechtsanwalt-Bremen-400x633.jpg 400w, https:\/\/amwall.eu\/wp-content\/uploads\/2023\/07\/Klaus-Kloeker-Rechtsanwalt-Bremen-600x949.jpg 600w, https:\/\/amwall.eu\/wp-content\/uploads\/2023\/07\/Klaus-Kloeker-Rechtsanwalt-Bremen-800x1266.jpg 800w, https:\/\/amwall.eu\/wp-content\/uploads\/2023\/07\/Klaus-Kloeker-Rechtsanwalt-Bremen.jpg 809w\" data-sizes=\"auto\" data-orig-sizes=\"(max-width: 1024px) 100vw, (max-width: 860px) 100vw, 600px\" \/><\/span><\/div><\/div><\/div><div class=\"fusion-layout-column fusion_builder_column fusion-builder-column-2 fusion_builder_column_1_2 1_2 fusion-flex-column\" style=\"--awb-bg-size:cover;--awb-width-large:50%;--awb-margin-top-large:0px;--awb-spacing-right-large:3.84%;--awb-margin-bottom-large:20px;--awb-spacing-left-large:3.84%;--awb-width-medium:100%;--awb-order-medium:0;--awb-spacing-right-medium:1.92%;--awb-spacing-left-medium:1.92%;--awb-width-small:100%;--awb-order-small:0;--awb-spacing-right-small:1.92%;--awb-spacing-left-small:1.92%;\"><div class=\"fusion-column-wrapper fusion-column-has-shadow fusion-flex-justify-content-flex-start fusion-content-layout-column\"><div class=\"fusion-text fusion-text-2 beitrag\"><h2>Lawyer, Certified Specialist in insolveny law<\/h2>\n<\/div><div class=\"fusion-text fusion-text-3\"><p>Klaus Kl\u00f6ker, born in 1963, studied in Bremen from 1988 to 1993 and subsequently completed his legal traineeship in the Higher Regional Court district of Oldenburg. Prior to this, he trained as a banker from 1984 to 1987. After being admitted to the bar in 1997, Mr Kl\u00f6ker initially worked in a law firm in Oldenburg; from 2001 to mid-2020 he then worked in Bremen in a law firm specialising in insolvency law, since 2011 as a specialist lawyer for insolvency law.<\/p>\n<p>Mr Kl\u00f6ker&#8217;s area of expertise is commercial law in restructuring, in particular insolvency and restructuring law for companies. He has many years of experience in advising medium-sized companies on averting insolvency. In addition, his core competences include advising managing directors and entrepreneurs during insolvency proceedings, in particular also the preparation and implementation of self-administration and protective shield proceedings as well as the preparation of insolvency plans.<\/p>\n<p>A further focus of his work is out-of-court and in-court representation in the defence of avoidance claims under the Insolvency Code and the defence of directors&#8217; liability claims.<\/p>\n<p>Mr Kl\u00f6ker speaks English.<\/p>\n<\/div><\/div><\/div><\/div><\/div>\n","protected":false},"excerpt":{"rendered":"<h3>Klaus Kl\u00f6ker <\/h3>\n<h4>Rechtsanwalt &#038; Fachanwalt f\u00fcr Insolvenzrecht <\/h4>\n<p>Klaus Kl\u00f6ker, geb. 1963, hat von 1988 bis 1993 in Bremen studiert und im Anschluss.<\/p>\n","protected":false},"author":1,"featured_media":14032,"comment_status":"open","ping_status":"open","sticky":false,"template":"","format":"standard","meta":{"footnotes":""},"categories":[103],"tags":[],"class_list":["post-14093","post","type-post","status-publish","format-standard","has-post-thumbnail","hentry","category-team-en"],"yoast_head":"<!-- This site is optimized with the Yoast SEO plugin v27.5 - https:\/\/yoast.com\/product\/yoast-seo-wordpress\/ -->\n<title>Klaus Kl\u00f6ker - Rechtsanw\u00e4lte &amp; Notariat AM WALL Bremen<\/title>\n<meta name=\"robots\" content=\"index, follow, max-snippet:-1, max-image-preview:large, max-video-preview:-1\" \/>\n<link rel=\"canonical\" href=\"https:\/\/amwall.eu\/en\/klaus-kloeker\/\" \/>\n<meta property=\"og:locale\" content=\"en_US\" \/>\n<meta property=\"og:type\" content=\"article\" \/>\n<meta property=\"og:title\" content=\"Klaus Kl\u00f6ker - Rechtsanw\u00e4lte &amp; Notariat AM WALL Bremen\" \/>\n<meta property=\"og:description\" content=\"Klaus Kl\u00f6ker  Rechtsanwalt &amp; Fachanwalt f\u00fcr Insolvenzrecht  Klaus Kl\u00f6ker, geb. 1963, hat von 1988 bis 1993 in Bremen studiert und im Anschluss.\" \/>\n<meta property=\"og:url\" content=\"https:\/\/amwall.eu\/en\/klaus-kloeker\/\" \/>\n<meta property=\"og:site_name\" content=\"Rechtsanw\u00e4lte &amp; Notariat AM WALL Bremen\" \/>\n<meta property=\"article:published_time\" content=\"2016-01-19T03:09:52+00:00\" \/>\n<meta property=\"article:modified_time\" content=\"2023-07-06T10:16:16+00:00\" \/>\n<meta property=\"og:image\" content=\"https:\/\/amwall.eu\/wp-content\/uploads\/2023\/07\/Klaus-Kloeker-Rechtsanwalt-Bremen.jpg\" \/>\n\t<meta property=\"og:image:width\" content=\"809\" \/>\n\t<meta property=\"og:image:height\" content=\"1280\" \/>\n\t<meta property=\"og:image:type\" content=\"image\/jpeg\" \/>\n<meta name=\"author\" content=\"olemedien\" \/>\n<meta name=\"twitter:card\" content=\"summary_large_image\" \/>\n<meta name=\"twitter:label1\" content=\"Written by\" \/>\n\t<meta name=\"twitter:data1\" content=\"olemedien\" \/>\n\t<meta name=\"twitter:label2\" content=\"Est. reading time\" \/>\n\t<meta name=\"twitter:data2\" content=\"5 minutes\" \/>\n<script type=\"application\/ld+json\" class=\"yoast-schema-graph\">{\"@context\":\"https:\\\/\\\/schema.org\",\"@graph\":[{\"@type\":\"Article\",\"@id\":\"https:\\\/\\\/amwall.eu\\\/en\\\/klaus-kloeker\\\/#article\",\"isPartOf\":{\"@id\":\"https:\\\/\\\/amwall.eu\\\/en\\\/klaus-kloeker\\\/\"},\"author\":{\"name\":\"olemedien\",\"@id\":\"https:\\\/\\\/amwall.eu\\\/#\\\/schema\\\/person\\\/94b89989007669ebe57e88cf46af9707\"},\"headline\":\"Klaus Kl\u00f6ker\",\"datePublished\":\"2016-01-19T03:09:52+00:00\",\"dateModified\":\"2023-07-06T10:16:16+00:00\",\"mainEntityOfPage\":{\"@id\":\"https:\\\/\\\/amwall.eu\\\/en\\\/klaus-kloeker\\\/\"},\"wordCount\":1862,\"commentCount\":0,\"image\":{\"@id\":\"https:\\\/\\\/amwall.eu\\\/en\\\/klaus-kloeker\\\/#primaryimage\"},\"thumbnailUrl\":\"https:\\\/\\\/amwall.eu\\\/wp-content\\\/uploads\\\/2023\\\/07\\\/Klaus-Kloeker-Rechtsanwalt-Bremen.jpg\",\"articleSection\":[\"Team\"],\"inLanguage\":\"en-US\",\"potentialAction\":[{\"@type\":\"CommentAction\",\"name\":\"Comment\",\"target\":[\"https:\\\/\\\/amwall.eu\\\/en\\\/klaus-kloeker\\\/#respond\"]}]},{\"@type\":\"WebPage\",\"@id\":\"https:\\\/\\\/amwall.eu\\\/en\\\/klaus-kloeker\\\/\",\"url\":\"https:\\\/\\\/amwall.eu\\\/en\\\/klaus-kloeker\\\/\",\"name\":\"Klaus Kl\u00f6ker - Rechtsanw\u00e4lte &amp; Notariat AM WALL Bremen\",\"isPartOf\":{\"@id\":\"https:\\\/\\\/amwall.eu\\\/#website\"},\"primaryImageOfPage\":{\"@id\":\"https:\\\/\\\/amwall.eu\\\/en\\\/klaus-kloeker\\\/#primaryimage\"},\"image\":{\"@id\":\"https:\\\/\\\/amwall.eu\\\/en\\\/klaus-kloeker\\\/#primaryimage\"},\"thumbnailUrl\":\"https:\\\/\\\/amwall.eu\\\/wp-content\\\/uploads\\\/2023\\\/07\\\/Klaus-Kloeker-Rechtsanwalt-Bremen.jpg\",\"datePublished\":\"2016-01-19T03:09:52+00:00\",\"dateModified\":\"2023-07-06T10:16:16+00:00\",\"author\":{\"@id\":\"https:\\\/\\\/amwall.eu\\\/#\\\/schema\\\/person\\\/94b89989007669ebe57e88cf46af9707\"},\"breadcrumb\":{\"@id\":\"https:\\\/\\\/amwall.eu\\\/en\\\/klaus-kloeker\\\/#breadcrumb\"},\"inLanguage\":\"en-US\",\"potentialAction\":[{\"@type\":\"ReadAction\",\"target\":[\"https:\\\/\\\/amwall.eu\\\/en\\\/klaus-kloeker\\\/\"]}]},{\"@type\":\"ImageObject\",\"inLanguage\":\"en-US\",\"@id\":\"https:\\\/\\\/amwall.eu\\\/en\\\/klaus-kloeker\\\/#primaryimage\",\"url\":\"https:\\\/\\\/amwall.eu\\\/wp-content\\\/uploads\\\/2023\\\/07\\\/Klaus-Kloeker-Rechtsanwalt-Bremen.jpg\",\"contentUrl\":\"https:\\\/\\\/amwall.eu\\\/wp-content\\\/uploads\\\/2023\\\/07\\\/Klaus-Kloeker-Rechtsanwalt-Bremen.jpg\",\"width\":809,\"height\":1280},{\"@type\":\"BreadcrumbList\",\"@id\":\"https:\\\/\\\/amwall.eu\\\/en\\\/klaus-kloeker\\\/#breadcrumb\",\"itemListElement\":[{\"@type\":\"ListItem\",\"position\":1,\"name\":\"Startseite\",\"item\":\"https:\\\/\\\/amwall.eu\\\/en\\\/\"},{\"@type\":\"ListItem\",\"position\":2,\"name\":\"Klaus Kl\u00f6ker\"}]},{\"@type\":\"WebSite\",\"@id\":\"https:\\\/\\\/amwall.eu\\\/#website\",\"url\":\"https:\\\/\\\/amwall.eu\\\/\",\"name\":\"Rechtsanw\u00e4lte &amp; Notariat AM WALL Bremen\",\"description\":\"\",\"potentialAction\":[{\"@type\":\"SearchAction\",\"target\":{\"@type\":\"EntryPoint\",\"urlTemplate\":\"https:\\\/\\\/amwall.eu\\\/?s={search_term_string}\"},\"query-input\":{\"@type\":\"PropertyValueSpecification\",\"valueRequired\":true,\"valueName\":\"search_term_string\"}}],\"inLanguage\":\"en-US\"},{\"@type\":\"Person\",\"@id\":\"https:\\\/\\\/amwall.eu\\\/#\\\/schema\\\/person\\\/94b89989007669ebe57e88cf46af9707\",\"name\":\"olemedien\",\"sameAs\":[\"https:\\\/\\\/amwall.eu\"],\"url\":\"https:\\\/\\\/amwall.eu\\\/en\\\/author\\\/olemedien\\\/\"}]}<\/script>\n<!-- \/ Yoast SEO plugin. -->","yoast_head_json":{"title":"Klaus Kl\u00f6ker - Rechtsanw\u00e4lte &amp; Notariat AM WALL Bremen","robots":{"index":"index","follow":"follow","max-snippet":"max-snippet:-1","max-image-preview":"max-image-preview:large","max-video-preview":"max-video-preview:-1"},"canonical":"https:\/\/amwall.eu\/en\/klaus-kloeker\/","og_locale":"en_US","og_type":"article","og_title":"Klaus Kl\u00f6ker - Rechtsanw\u00e4lte &amp; Notariat AM WALL Bremen","og_description":"Klaus Kl\u00f6ker  Rechtsanwalt & Fachanwalt f\u00fcr Insolvenzrecht  Klaus Kl\u00f6ker, geb. 1963, hat von 1988 bis 1993 in Bremen studiert und im Anschluss.","og_url":"https:\/\/amwall.eu\/en\/klaus-kloeker\/","og_site_name":"Rechtsanw\u00e4lte &amp; Notariat AM WALL Bremen","article_published_time":"2016-01-19T03:09:52+00:00","article_modified_time":"2023-07-06T10:16:16+00:00","og_image":[{"width":809,"height":1280,"url":"https:\/\/amwall.eu\/wp-content\/uploads\/2023\/07\/Klaus-Kloeker-Rechtsanwalt-Bremen.jpg","type":"image\/jpeg"}],"author":"olemedien","twitter_card":"summary_large_image","twitter_misc":{"Written by":"olemedien","Est. reading time":"5 minutes"},"schema":{"@context":"https:\/\/schema.org","@graph":[{"@type":"Article","@id":"https:\/\/amwall.eu\/en\/klaus-kloeker\/#article","isPartOf":{"@id":"https:\/\/amwall.eu\/en\/klaus-kloeker\/"},"author":{"name":"olemedien","@id":"https:\/\/amwall.eu\/#\/schema\/person\/94b89989007669ebe57e88cf46af9707"},"headline":"Klaus Kl\u00f6ker","datePublished":"2016-01-19T03:09:52+00:00","dateModified":"2023-07-06T10:16:16+00:00","mainEntityOfPage":{"@id":"https:\/\/amwall.eu\/en\/klaus-kloeker\/"},"wordCount":1862,"commentCount":0,"image":{"@id":"https:\/\/amwall.eu\/en\/klaus-kloeker\/#primaryimage"},"thumbnailUrl":"https:\/\/amwall.eu\/wp-content\/uploads\/2023\/07\/Klaus-Kloeker-Rechtsanwalt-Bremen.jpg","articleSection":["Team"],"inLanguage":"en-US","potentialAction":[{"@type":"CommentAction","name":"Comment","target":["https:\/\/amwall.eu\/en\/klaus-kloeker\/#respond"]}]},{"@type":"WebPage","@id":"https:\/\/amwall.eu\/en\/klaus-kloeker\/","url":"https:\/\/amwall.eu\/en\/klaus-kloeker\/","name":"Klaus Kl\u00f6ker - Rechtsanw\u00e4lte &amp; Notariat AM WALL Bremen","isPartOf":{"@id":"https:\/\/amwall.eu\/#website"},"primaryImageOfPage":{"@id":"https:\/\/amwall.eu\/en\/klaus-kloeker\/#primaryimage"},"image":{"@id":"https:\/\/amwall.eu\/en\/klaus-kloeker\/#primaryimage"},"thumbnailUrl":"https:\/\/amwall.eu\/wp-content\/uploads\/2023\/07\/Klaus-Kloeker-Rechtsanwalt-Bremen.jpg","datePublished":"2016-01-19T03:09:52+00:00","dateModified":"2023-07-06T10:16:16+00:00","author":{"@id":"https:\/\/amwall.eu\/#\/schema\/person\/94b89989007669ebe57e88cf46af9707"},"breadcrumb":{"@id":"https:\/\/amwall.eu\/en\/klaus-kloeker\/#breadcrumb"},"inLanguage":"en-US","potentialAction":[{"@type":"ReadAction","target":["https:\/\/amwall.eu\/en\/klaus-kloeker\/"]}]},{"@type":"ImageObject","inLanguage":"en-US","@id":"https:\/\/amwall.eu\/en\/klaus-kloeker\/#primaryimage","url":"https:\/\/amwall.eu\/wp-content\/uploads\/2023\/07\/Klaus-Kloeker-Rechtsanwalt-Bremen.jpg","contentUrl":"https:\/\/amwall.eu\/wp-content\/uploads\/2023\/07\/Klaus-Kloeker-Rechtsanwalt-Bremen.jpg","width":809,"height":1280},{"@type":"BreadcrumbList","@id":"https:\/\/amwall.eu\/en\/klaus-kloeker\/#breadcrumb","itemListElement":[{"@type":"ListItem","position":1,"name":"Startseite","item":"https:\/\/amwall.eu\/en\/"},{"@type":"ListItem","position":2,"name":"Klaus Kl\u00f6ker"}]},{"@type":"WebSite","@id":"https:\/\/amwall.eu\/#website","url":"https:\/\/amwall.eu\/","name":"Rechtsanw\u00e4lte &amp; Notariat AM WALL Bremen","description":"","potentialAction":[{"@type":"SearchAction","target":{"@type":"EntryPoint","urlTemplate":"https:\/\/amwall.eu\/?s={search_term_string}"},"query-input":{"@type":"PropertyValueSpecification","valueRequired":true,"valueName":"search_term_string"}}],"inLanguage":"en-US"},{"@type":"Person","@id":"https:\/\/amwall.eu\/#\/schema\/person\/94b89989007669ebe57e88cf46af9707","name":"olemedien","sameAs":["https:\/\/amwall.eu"],"url":"https:\/\/amwall.eu\/en\/author\/olemedien\/"}]}},"_links":{"self":[{"href":"https:\/\/amwall.eu\/en\/wp-json\/wp\/v2\/posts\/14093","targetHints":{"allow":["GET"]}}],"collection":[{"href":"https:\/\/amwall.eu\/en\/wp-json\/wp\/v2\/posts"}],"about":[{"href":"https:\/\/amwall.eu\/en\/wp-json\/wp\/v2\/types\/post"}],"author":[{"embeddable":true,"href":"https:\/\/amwall.eu\/en\/wp-json\/wp\/v2\/users\/1"}],"replies":[{"embeddable":true,"href":"https:\/\/amwall.eu\/en\/wp-json\/wp\/v2\/comments?post=14093"}],"version-history":[{"count":4,"href":"https:\/\/amwall.eu\/en\/wp-json\/wp\/v2\/posts\/14093\/revisions"}],"predecessor-version":[{"id":14190,"href":"https:\/\/amwall.eu\/en\/wp-json\/wp\/v2\/posts\/14093\/revisions\/14190"}],"wp:featuredmedia":[{"embeddable":true,"href":"https:\/\/amwall.eu\/en\/wp-json\/wp\/v2\/media\/14032"}],"wp:attachment":[{"href":"https:\/\/amwall.eu\/en\/wp-json\/wp\/v2\/media?parent=14093"}],"wp:term":[{"taxonomy":"category","embeddable":true,"href":"https:\/\/amwall.eu\/en\/wp-json\/wp\/v2\/categories?post=14093"},{"taxonomy":"post_tag","embeddable":true,"href":"https:\/\/amwall.eu\/en\/wp-json\/wp\/v2\/tags?post=14093"}],"curies":[{"name":"wp","href":"https:\/\/api.w.org\/{rel}","templated":true}]}}